{"id":10919,"date":"2024-05-09T17:43:06","date_gmt":"2024-05-09T15:43:06","guid":{"rendered":"https:\/\/www.traumton.de\/records\/?p=10919"},"modified":"2024-05-17T00:24:38","modified_gmt":"2024-05-16T22:24:38","slug":"danyel-waro-feat-mario-roms-interzone","status":"publish","type":"post","link":"https:\/\/www.traumton.de\/records\/danyel-waro-feat-mario-roms-interzone\/","title":{"rendered":"Dany\u00e8l Waro feat. Mario Rom&#8217;s Interzone"},"content":{"rendered":"\n<p><\/p>\n\n\n\n<p><\/p>\n\n\n\n<p class=\"has-text-align-left has-medium-font-size\">Dany\u00e8l Waro feat. Mario Rom&#8217;s Interzone<\/p>\n\n\n\n<p class=\"has-text-align-left has-normal-font-size\">online album releases &#8222;Live at Glatt &#038; Verkehrt&#8220; <br>out on Mai 17, 2024<\/p>\n\n\n\n<p><\/p>\n\n\n\n<p>Live:<\/p>\n\n\n\n<p>20\/05\/2024 AT-Wien Porgy &amp; Bess<br>21\/05\/2024 HU-Budapest<br>22\/05\/2024 AT-Klagenfurt Klagenfurt Festival<br>23\/05\/2024 SL-Ljubljana <\/p>\n\n\n\n<p> <\/p>\n\n\n\n<p>Weiterlesen: <a href=\"https:\/\/www.traumton.de\/records\/playlist\/danyel-waro\/\" data-type=\"URL\" data-id=\"https:\/\/www.traumton.de\/records\/playlist\/danyel-waro\/\">https:\/\/www.traumton.de\/records\/playlist\/danyel-waro\/<\/a><\/p>\n\n\n\n<div style=\"height:100px\" aria-hidden=\"true\" class=\"wp-block-spacer\"><\/div>\n\n\n\n<figure class=\"wp-block-embed is-type-video is-provider-youtube wp-block-embed-youtube wp-embed-aspect-16-9 wp-has-aspect-ratio\"><div class=\"wp-block-embed__wrapper\">\n<iframe loading=\"lazy\" hcb-fetch-image-from=\"https:\/\/www.youtube.com\/watch?v=_ON4T-FtiRk&amp;t=16s\" title=\"Dany\u00e8l Waro &amp; Interzone \/ interview with Lukas Kranzelbinder @ Glatt&amp;Verkehrt 2022\" width=\"1144\" height=\"644\" src=\"https:\/\/www.youtube.com\/embed\/_ON4T-FtiRk?start=16&#038;feature=oembed\" frameborder=\"0\" allow=\"accelerometer; autoplay; clipboard-write; encrypted-media; gyroscope; picture-in-picture; web-share\" referrerpolicy=\"strict-origin-when-cross-origin\" allowfullscreen><\/iframe>\n<\/div><\/figure>\n\n\n\n<div style=\"height:100px\" aria-hidden=\"true\" class=\"wp-block-spacer\"><\/div>\n\n\n\n<figure class=\"wp-block-embed is-type-video is-provider-youtube wp-block-embed-youtube wp-embed-aspect-16-9 wp-has-aspect-ratio\"><div class=\"wp-block-embed__wrapper\">\n<iframe loading=\"lazy\" hcb-fetch-image-from=\"https:\/\/www.youtube.com\/watch?v=CcSrQsxxTBg\" title=\"Dany\u00e8l Waro feat. Interzone - D\u00e9d\u00e9 (live in Krems 2022)\" width=\"1144\" height=\"644\" src=\"https:\/\/www.youtube.com\/embed\/CcSrQsxxTBg?feature=oembed\" frameborder=\"0\" allow=\"accelerometer; autoplay; clipboard-write; encrypted-media; gyroscope; picture-in-picture; web-share\" referrerpolicy=\"strict-origin-when-cross-origin\" allowfullscreen><\/iframe>\n<\/div><\/figure>\n\n\n\n<div style=\"height:100px\" aria-hidden=\"true\" class=\"wp-block-spacer\"><\/div>\n\n\n\n<figure class=\"wp-block-embed is-type-rich is-provider-spotify wp-block-embed-spotify wp-embed-aspect-21-9 wp-has-aspect-ratio\"><div class=\"wp-block-embed__wrapper\">\n<iframe hcb-fetch-image-from=\"https:\/\/open.spotify.com\/intl-de\/album\/6z9mPB8vh4MdKufOZptqlK?si=_Js9LHWrRgmHw-OdBgEayg\" title=\"Spotify Embed: Live at Glatt &amp; Verkehrt, Krems, July 29th 2022\" style=\"border-radius: 12px\" width=\"100%\" height=\"352\" frameborder=\"0\" allowfullscreen allow=\"autoplay; clipboard-write; encrypted-media; fullscreen; picture-in-picture\" loading=\"lazy\" src=\"https:\/\/open.spotify.com\/embed\/album\/6z9mPB8vh4MdKufOZptqlK?si=_Js9LHWrRgmHw-OdBgEayg&#038;utm_source=oembed\"><\/iframe>\n<\/div><\/figure>\n","protected":false},"excerpt":{"rendered":"<p>Dany\u00e8l Waro feat. Mario Rom&#8217;s Interzone &#8222;Live at Glatt &#038; Verkehrt out on May 17, 2024<\/p>\n","protected":false},"author":1,"featured_media":10929,"comment_status":"closed","ping_status":"closed","sticky":false,"template":"","format":"standard","meta":{"footnotes":""},"categories":[2,57,41],"tags":[],"class_list":["post-10919","post","type-post","status-publish","format-standard","has-post-thumbnail","hentry","category-fresh-news","category-olga-reznichenko-trio","category-out-now"],"_links":{"self":[{"href":"https:\/\/www.traumton.de\/records\/wp-json\/wp\/v2\/posts\/10919","targetHints":{"allow":["GET"]}}],"collection":[{"href":"https:\/\/www.traumton.de\/records\/wp-json\/wp\/v2\/posts"}],"about":[{"href":"https:\/\/www.traumton.de\/records\/wp-json\/wp\/v2\/types\/post"}],"author":[{"embeddable":true,"href":"https:\/\/www.traumton.de\/records\/wp-json\/wp\/v2\/users\/1"}],"replies":[{"embeddable":true,"href":"https:\/\/www.traumton.de\/records\/wp-json\/wp\/v2\/comments?post=10919"}],"version-history":[{"count":8,"href":"https:\/\/www.traumton.de\/records\/wp-json\/wp\/v2\/posts\/10919\/revisions"}],"predecessor-version":[{"id":10957,"href":"https:\/\/www.traumton.de\/records\/wp-json\/wp\/v2\/posts\/10919\/revisions\/10957"}],"wp:featuredmedia":[{"embeddable":true,"href":"https:\/\/www.traumton.de\/records\/wp-json\/wp\/v2\/media\/10929"}],"wp:attachment":[{"href":"https:\/\/www.traumton.de\/records\/wp-json\/wp\/v2\/media?parent=10919"}],"wp:term":[{"taxonomy":"category","embeddable":true,"href":"https:\/\/www.traumton.de\/records\/wp-json\/wp\/v2\/categories?post=10919"},{"taxonomy":"post_tag","embeddable":true,"href":"https:\/\/www.traumton.de\/records\/wp-json\/wp\/v2\/tags?post=10919"}],"curies":[{"name":"wp","href":"https:\/\/api.w.org\/{rel}","templated":true}]}}